{"id":691,"date":"2019-01-22T10:59:23","date_gmt":"2019-01-22T09:59:23","guid":{"rendered":"http:\/\/www.critical-mass-cologne.de\/?p=691"},"modified":"2019-01-22T10:59:23","modified_gmt":"2019-01-22T09:59:23","slug":"ja-man-kann-das-machen","status":"publish","type":"post","link":"http:\/\/www.critical-mass-cologne.de\/?p=691","title":{"rendered":"JA, man kann das machen!"},"content":{"rendered":"\n<p>&#8222;Aber es ist doch so kalt, <strong>kann man da denn \u00fcberhaupt Fahrrad fahren<\/strong>?&#8220;<\/p>\n\n\n\n<p>NAT\u00dcRLICH kann man das! Es macht sogar <strong>riesigen Spa\u00df<\/strong>, bei Temperaturen knapp unter dem Gefrierpunkt eine Runde zu drehen! Klar, man sollte sich schon <strong>etwas w\u00e4rmer anziehen<\/strong>, als im Sommer (was der &#8222;Fahrradbeauftragte&#8220;, die Polizei, Presse und die Politik in K\u00f6ln f\u00fcr die &#8222;Fahrradsaison&#8220; halten) und besonders die Extremit\u00e4ten etwas sch\u00fctzen, aber dann &#8230;.. ist es <strong>eine wunderbar erfrschende Sache<\/strong>!<\/p>\n\n\n\n<p>Also: M\u00fctze auf, Schal an, die Wollsocken und ein paar dicke Handschuhe rausgekramt, vielleicht noch eine <strong>Thermoskanne<\/strong> mit heissem Tee ins K\u00f6rbchen und auf geht&#8217;s <strong>zur ersten Critical Mass im neuen Jahr<\/strong>!<\/p>\n\n\n\n<p>Kommenden <strong>Freitag, den 25. Januar 2019<\/strong>, Treffpunkt wie immer <strong>um 17:30 Uhr am Rudolfplatz<\/strong>. Es wird kalt, aber trocken und &#8230;. wundersch\u00f6n! Versprochen! <\/p>\n<div style=\"padding-bottom:20px; padding-top:10px;\" class=\"hupso-share-buttons\"><!-- Hupso Share Buttons - https:\/\/www.hupso.com\/share\/ --><a class=\"hupso_counters\" href=\"https:\/\/www.hupso.com\/share\/\"><img decoding=\"async\" src=\"http:\/\/static.hupso.com\/share\/buttons\/lang\/de\/share-small.png\" style=\"border:0px; padding-top:2px; float:left;\" alt=\"Share Button\"\/><\/a><script type=\"text\/javascript\">var hupso_services_c=new Array(\"twitter\",\"facebook_like\",\"facebook_send\",\"email\");var hupso_counters_lang = \"de_DE\";var hupso_image_folder_url = \"\";var hupso_url_c=\"\";var hupso_title_c=\"JA%2C%20man%20kann%20das%20machen%21\";<\/script><script type=\"text\/javascript\" src=\"http:\/\/static.hupso.com\/share\/js\/counters.js\"><\/script><!-- Hupso Share Buttons --><\/div>","protected":false},"excerpt":{"rendered":"<p>&#8222;Aber es ist doch so kalt, kann man da denn \u00fcberhaupt Fahrrad fahren?&#8220; NAT\u00dcRLICH kann man das! Es macht sogar riesigen Spa\u00df, bei Temperaturen knapp unter dem Gefrierpunkt eine Runde zu drehen! Klar, man sollte sich schon etwas w\u00e4rmer anziehen, &hellip; <a href=\"http:\/\/www.critical-mass-cologne.de\/?p=691\">Weiterlesen <span class=\"meta-nav\">&rarr;<\/span><\/a><\/p>\n<div style=\"padding-bottom:20px; padding-top:10px;\" class=\"hupso-share-buttons\"><!-- Hupso Share Buttons - https:\/\/www.hupso.com\/share\/ --><a class=\"hupso_counters\" href=\"https:\/\/www.hupso.com\/share\/\"><img src=\"http:\/\/static.hupso.com\/share\/buttons\/lang\/de\/share-small.png\" style=\"border:0px; padding-top:2px; float:left;\" alt=\"Share Button\"\/><\/a><script type=\"text\/javascript\">var hupso_services_c=new Array(\"twitter\",\"facebook_like\",\"facebook_send\",\"email\");var hupso_counters_lang = \"de_DE\";var hupso_image_folder_url = \"\";var hupso_url_c=\"\";var hupso_title_c=\"JA%2C%20man%20kann%20das%20machen%21\";<\/script><script type=\"text\/javascript\" src=\"http:\/\/static.hupso.com\/share\/js\/counters.js\"><\/script><!-- Hupso Share Buttons --><\/div>","protected":false},"author":1,"featured_media":0,"comment_status":"open","ping_status":"open","sticky":false,"template":"","format":"standard","meta":{"footnotes":""},"categories":[1],"tags":[],"class_list":["post-691","post","type-post","status-publish","format-standard","hentry","category-allgemein"],"_links":{"self":[{"href":"http:\/\/www.critical-mass-cologne.de\/index.php?rest_route=\/wp\/v2\/posts\/691","targetHints":{"allow":["GET"]}}],"collection":[{"href":"http:\/\/www.critical-mass-cologne.de\/index.php?rest_route=\/wp\/v2\/posts"}],"about":[{"href":"http:\/\/www.critical-mass-cologne.de\/index.php?rest_route=\/wp\/v2\/types\/post"}],"author":[{"embeddable":true,"href":"http:\/\/www.critical-mass-cologne.de\/index.php?rest_route=\/wp\/v2\/users\/1"}],"replies":[{"embeddable":true,"href":"http:\/\/www.critical-mass-cologne.de\/index.php?rest_route=%2Fwp%2Fv2%2Fcomments&post=691"}],"version-history":[{"count":1,"href":"http:\/\/www.critical-mass-cologne.de\/index.php?rest_route=\/wp\/v2\/posts\/691\/revisions"}],"predecessor-version":[{"id":692,"href":"http:\/\/www.critical-mass-cologne.de\/index.php?rest_route=\/wp\/v2\/posts\/691\/revisions\/692"}],"wp:attachment":[{"href":"http:\/\/www.critical-mass-cologne.de\/index.php?rest_route=%2Fwp%2Fv2%2Fmedia&parent=691"}],"wp:term":[{"taxonomy":"category","embeddable":true,"href":"http:\/\/www.critical-mass-cologne.de\/index.php?rest_route=%2Fwp%2Fv2%2Fcategories&post=691"},{"taxonomy":"post_tag","embeddable":true,"href":"http:\/\/www.critical-mass-cologne.de\/index.php?rest_route=%2Fwp%2Fv2%2Ftags&post=691"}],"curies":[{"name":"wp","href":"https:\/\/api.w.org\/{rel}","templated":true}]}}