{"id":604,"date":"2016-11-21T17:49:36","date_gmt":"2016-11-21T16:49:36","guid":{"rendered":"http:\/\/www.critical-mass-cologne.de\/?p=604"},"modified":"2016-11-21T17:49:36","modified_gmt":"2016-11-21T16:49:36","slug":"betreutres-radfahren-am-kommenden-freitag","status":"publish","type":"post","link":"http:\/\/www.critical-mass-cologne.de\/?p=604","title":{"rendered":"Betreutres Radfahren &#8211; am kommenden Freitag!"},"content":{"rendered":"<p>Um mal einige immer wiederkehrende Fragen zu beantworten: <strong>die Critical Mass ist keine Veranstaltung!<\/strong> Die Critical Mass ist eine Protestform, eine Fahrradtour, die von niemandem, auch nicht vom ADFC oder anderen Vereinen &#8222;veranstaltet&#8220; wird. Mitglieder dieser Vereine fahren dort ebenso mit, wie Mitglieder von Fu\u00dfballvereinen oder <strong>Trachtengruppen<\/strong>.<\/p>\n<p>Aprospos: auch wenn die <strong>Polizei<\/strong> die Critical Mass mittlerweile regelm\u00e4\u00dfig <strong>betreut<\/strong>, vermutlich, weil deren Beamte Langeweile haben oder mal frische Luft brauchen, ist ihre Anwesenheit f\u00fcr eine Radtour durch unsere sch\u00f6ne Stadt nat\u00fcrlich gar <strong>nicht notwendig<\/strong>! Lasst Euch also nicht einsch\u00fcchtern und schon gar nicht die Laune vermiesen!<\/p>\n<p>Das n\u00e4chste <strong>betreute Radfahren<\/strong> ist am kommenden <strong>Freitag, den 25. November 2016<\/strong>, wie immer ab 17:30 Uhr am Rudolfplatz. <strong>Viel Spa\u00df!<\/strong><\/p>\n<div style=\"padding-bottom:20px; padding-top:10px;\" class=\"hupso-share-buttons\"><!-- Hupso Share Buttons - https:\/\/www.hupso.com\/share\/ --><a class=\"hupso_counters\" href=\"https:\/\/www.hupso.com\/share\/\"><img decoding=\"async\" src=\"http:\/\/static.hupso.com\/share\/buttons\/lang\/de\/share-small.png\" style=\"border:0px; padding-top:2px; float:left;\" alt=\"Share Button\"\/><\/a><script type=\"text\/javascript\">var hupso_services_c=new Array(\"twitter\",\"facebook_like\",\"facebook_send\",\"email\");var hupso_counters_lang = \"de_DE\";var hupso_image_folder_url = \"\";var hupso_url_c=\"\";var hupso_title_c=\"Betreutres%20Radfahren%20-%20am%20kommenden%20Freitag%21\";<\/script><script type=\"text\/javascript\" src=\"http:\/\/static.hupso.com\/share\/js\/counters.js\"><\/script><!-- Hupso Share Buttons --><\/div>","protected":false},"excerpt":{"rendered":"<p>Um mal einige immer wiederkehrende Fragen zu beantworten: die Critical Mass ist keine Veranstaltung! Die Critical Mass ist eine Protestform, eine Fahrradtour, die von niemandem, auch nicht vom ADFC oder anderen Vereinen &#8222;veranstaltet&#8220; wird. Mitglieder dieser Vereine fahren dort ebenso &hellip; <a href=\"http:\/\/www.critical-mass-cologne.de\/?p=604\">Weiterlesen <span class=\"meta-nav\">&rarr;<\/span><\/a><\/p>\n<div style=\"padding-bottom:20px; padding-top:10px;\" class=\"hupso-share-buttons\"><!-- Hupso Share Buttons - https:\/\/www.hupso.com\/share\/ --><a class=\"hupso_counters\" href=\"https:\/\/www.hupso.com\/share\/\"><img src=\"http:\/\/static.hupso.com\/share\/buttons\/lang\/de\/share-small.png\" style=\"border:0px; padding-top:2px; float:left;\" alt=\"Share Button\"\/><\/a><script type=\"text\/javascript\">var hupso_services_c=new Array(\"twitter\",\"facebook_like\",\"facebook_send\",\"email\");var hupso_counters_lang = \"de_DE\";var hupso_image_folder_url = \"\";var hupso_url_c=\"\";var hupso_title_c=\"Betreutres%20Radfahren%20-%20am%20kommenden%20Freitag%21\";<\/script><script type=\"text\/javascript\" src=\"http:\/\/static.hupso.com\/share\/js\/counters.js\"><\/script><!-- Hupso Share Buttons --><\/div>","protected":false},"author":78,"featured_media":0,"comment_status":"open","ping_status":"open","sticky":false,"template":"","format":"standard","meta":{"footnotes":""},"categories":[1],"tags":[],"class_list":["post-604","post","type-post","status-publish","format-standard","hentry","category-allgemein"],"_links":{"self":[{"href":"http:\/\/www.critical-mass-cologne.de\/index.php?rest_route=\/wp\/v2\/posts\/604","targetHints":{"allow":["GET"]}}],"collection":[{"href":"http:\/\/www.critical-mass-cologne.de\/index.php?rest_route=\/wp\/v2\/posts"}],"about":[{"href":"http:\/\/www.critical-mass-cologne.de\/index.php?rest_route=\/wp\/v2\/types\/post"}],"author":[{"embeddable":true,"href":"http:\/\/www.critical-mass-cologne.de\/index.php?rest_route=\/wp\/v2\/users\/78"}],"replies":[{"embeddable":true,"href":"http:\/\/www.critical-mass-cologne.de\/index.php?rest_route=%2Fwp%2Fv2%2Fcomments&post=604"}],"version-history":[{"count":1,"href":"http:\/\/www.critical-mass-cologne.de\/index.php?rest_route=\/wp\/v2\/posts\/604\/revisions"}],"predecessor-version":[{"id":605,"href":"http:\/\/www.critical-mass-cologne.de\/index.php?rest_route=\/wp\/v2\/posts\/604\/revisions\/605"}],"wp:attachment":[{"href":"http:\/\/www.critical-mass-cologne.de\/index.php?rest_route=%2Fwp%2Fv2%2Fmedia&parent=604"}],"wp:term":[{"taxonomy":"category","embeddable":true,"href":"http:\/\/www.critical-mass-cologne.de\/index.php?rest_route=%2Fwp%2Fv2%2Fcategories&post=604"},{"taxonomy":"post_tag","embeddable":true,"href":"http:\/\/www.critical-mass-cologne.de\/index.php?rest_route=%2Fwp%2Fv2%2Ftags&post=604"}],"curies":[{"name":"wp","href":"https:\/\/api.w.org\/{rel}","templated":true}]}}