{"id":321,"date":"2012-07-24T08:34:56","date_gmt":"2012-07-24T06:34:56","guid":{"rendered":"http:\/\/www.critical-mass-cologne.de\/?p=321"},"modified":"2012-07-24T08:34:56","modified_gmt":"2012-07-24T06:34:56","slug":"sommerferienfahrt","status":"publish","type":"post","link":"http:\/\/www.critical-mass-cologne.de\/?p=321","title":{"rendered":"Sommerferienfahrt!"},"content":{"rendered":"<p>Es ist (endlich) Sommer, es sind (endlich) Ferien und die daheimgebliebenen fahren (endlich!) wieder eine Critical Mass!<\/p>\n<p><strong>Freitag, den 27.7.2012 um 17:30 Uhr am Rudolfplatz<\/strong><\/p>\n<p>geht es wie immer los. F\u00fcr die vielen neu dazugekommenen hier noch einmal stichwortartig das Procedere:<\/p>\n<ul>\n<li>Treffpunkt um 17:30 Uhr, Abfahrt sp\u00e4testens 18:00 Uhr, Dauer ca. eine Stunde<\/li>\n<li>wir halten uns strikt an die StVO, kommt bitte mit verkehrssicheren R\u00e4dern<\/li>\n<li>wir fahren in 2er Reihen sicher auf der Fahrbahn<\/li>\n<li>wir lassen uns von anderen Verkehrsteilnehmern (Pkw, Lkw, Pferdekutschen) nicht provozieren, bleiben immer l\u00e4chelnd ruhig und freundlich und provozieren selbst auch nicht.<\/li>\n<li>der Weg steht nicht fest, wer vorne f\u00e4hrt, bestimmt. Du m\u00f6chtest irgendwo mal langfahren, kennst eine besonders nette Stelle in unserer sch\u00f6nen Stadt oder willst noch nen Kumpel aufgabeln, der sich versp\u00e4tet hat? Dann fahr einfach vorne weg! Wir werden Dir folgen!<\/li>\n<li>wir haben jede Menge Spa\u00df, zeigen den Menschen, wie gut man mit dem Fahrrad vorankommt und das Wichtigste: <strong>WIR sind Verkehr<\/strong>!<\/li>\n<li>bis Freitag! Bringt wie immer\u00a0 zahlreich Eure Freunde, Nachbarn, Kinder mit &#8230;.<\/li>\n<\/ul>\n<div style=\"padding-bottom:20px; padding-top:10px;\" class=\"hupso-share-buttons\"><!-- Hupso Share Buttons - https:\/\/www.hupso.com\/share\/ --><a class=\"hupso_counters\" href=\"https:\/\/www.hupso.com\/share\/\"><img decoding=\"async\" src=\"http:\/\/static.hupso.com\/share\/buttons\/lang\/de\/share-small.png\" style=\"border:0px; padding-top:2px; float:left;\" alt=\"Share Button\"\/><\/a><script type=\"text\/javascript\">var hupso_services_c=new Array(\"twitter\",\"facebook_like\",\"facebook_send\",\"email\");var hupso_counters_lang = \"de_DE\";var hupso_image_folder_url = \"\";var hupso_url_c=\"\";var hupso_title_c=\"Sommerferienfahrt%21\";<\/script><script type=\"text\/javascript\" src=\"http:\/\/static.hupso.com\/share\/js\/counters.js\"><\/script><!-- Hupso Share Buttons --><\/div>","protected":false},"excerpt":{"rendered":"<p>Es ist (endlich) Sommer, es sind (endlich) Ferien und die daheimgebliebenen fahren (endlich!) wieder eine Critical Mass! Freitag, den 27.7.2012 um 17:30 Uhr am Rudolfplatz geht es wie immer los. F\u00fcr die vielen neu dazugekommenen hier noch einmal stichwortartig das &hellip; <a href=\"http:\/\/www.critical-mass-cologne.de\/?p=321\">Weiterlesen <span class=\"meta-nav\">&rarr;<\/span><\/a><\/p>\n<div style=\"padding-bottom:20px; padding-top:10px;\" class=\"hupso-share-buttons\"><!-- Hupso Share Buttons - https:\/\/www.hupso.com\/share\/ --><a class=\"hupso_counters\" href=\"https:\/\/www.hupso.com\/share\/\"><img src=\"http:\/\/static.hupso.com\/share\/buttons\/lang\/de\/share-small.png\" style=\"border:0px; padding-top:2px; float:left;\" alt=\"Share Button\"\/><\/a><script type=\"text\/javascript\">var hupso_services_c=new Array(\"twitter\",\"facebook_like\",\"facebook_send\",\"email\");var hupso_counters_lang = \"de_DE\";var hupso_image_folder_url = \"\";var hupso_url_c=\"\";var hupso_title_c=\"Sommerferienfahrt%21\";<\/script><script type=\"text\/javascript\" src=\"http:\/\/static.hupso.com\/share\/js\/counters.js\"><\/script><!-- Hupso Share Buttons --><\/div>","protected":false},"author":1,"featured_media":0,"comment_status":"open","ping_status":"open","sticky":false,"template":"","format":"standard","meta":{"footnotes":""},"categories":[1],"tags":[],"class_list":["post-321","post","type-post","status-publish","format-standard","hentry","category-allgemein"],"_links":{"self":[{"href":"http:\/\/www.critical-mass-cologne.de\/index.php?rest_route=\/wp\/v2\/posts\/321","targetHints":{"allow":["GET"]}}],"collection":[{"href":"http:\/\/www.critical-mass-cologne.de\/index.php?rest_route=\/wp\/v2\/posts"}],"about":[{"href":"http:\/\/www.critical-mass-cologne.de\/index.php?rest_route=\/wp\/v2\/types\/post"}],"author":[{"embeddable":true,"href":"http:\/\/www.critical-mass-cologne.de\/index.php?rest_route=\/wp\/v2\/users\/1"}],"replies":[{"embeddable":true,"href":"http:\/\/www.critical-mass-cologne.de\/index.php?rest_route=%2Fwp%2Fv2%2Fcomments&post=321"}],"version-history":[{"count":3,"href":"http:\/\/www.critical-mass-cologne.de\/index.php?rest_route=\/wp\/v2\/posts\/321\/revisions"}],"predecessor-version":[{"id":324,"href":"http:\/\/www.critical-mass-cologne.de\/index.php?rest_route=\/wp\/v2\/posts\/321\/revisions\/324"}],"wp:attachment":[{"href":"http:\/\/www.critical-mass-cologne.de\/index.php?rest_route=%2Fwp%2Fv2%2Fmedia&parent=321"}],"wp:term":[{"taxonomy":"category","embeddable":true,"href":"http:\/\/www.critical-mass-cologne.de\/index.php?rest_route=%2Fwp%2Fv2%2Fcategories&post=321"},{"taxonomy":"post_tag","embeddable":true,"href":"http:\/\/www.critical-mass-cologne.de\/index.php?rest_route=%2Fwp%2Fv2%2Ftags&post=321"}],"curies":[{"name":"wp","href":"https:\/\/api.w.org\/{rel}","templated":true}]}}