{"id":309,"date":"2012-06-10T16:48:29","date_gmt":"2012-06-10T16:48:29","guid":{"rendered":"http:\/\/www.critical-mass-cologne.de\/?p=309"},"modified":"2012-06-10T16:48:29","modified_gmt":"2012-06-10T16:48:29","slug":"nach-dem-nightride-zu-den-sternen-17-juni-2012","status":"publish","type":"post","link":"http:\/\/www.critical-mass-cologne.de\/?p=309","title":{"rendered":"Nach dem Nightride zu den Sternen &#8211; 17. Juni 2012"},"content":{"rendered":"<p>Nachdem\u00a0 auf der <a href=\"http:\/\/www.sternfahrt-koeln.de\/\" target=\"_blank\">K\u00f6lner Fahrradsternfahrt<\/a>\u00a0 auch auf die K\u00f6lner CM hingewiesen wurde und wir ja auch gemeinsame Ziele haben, wollen wir uns hiermit revanchieren.<\/p>\n<p><strong>Die 5. <a href=\"http:\/\/www.sternfahrt-koeln.de\/\" target=\"_blank\">K\u00f6lner Fahrradsternfahrt<\/a> findet am Sonntag, den 17. Juni 2012 statt!<\/strong><\/p>\n<p>Es sind eine Menge neuer Routen und Startpunkte hinzugekommen, so dass f\u00fcr jeden ein passender Einstieg gegeben ist.<\/p>\n<p>Das Fahrt-Tempo ist gem\u00e4chlich, so dass jeder, auch \u00e4ltere und Kinder, problemlos mitradeln k\u00f6nnen.<\/p>\n<p>Also weitersagen, vor allem auch an die, die sich nicht ohne Begleitschutz auf die Fahrbahn trauen und denen die an den \u00fcblichen CM-Terminen keine Zeit finden!<\/p>\n<p>Bis n\u00e4chsten Sonntag &#8211; lasst uns die k\u00f6lner Stra\u00dfen zur\u00fcckerobern!<\/p>\n<div style=\"padding-bottom:20px; padding-top:10px;\" class=\"hupso-share-buttons\"><!-- Hupso Share Buttons - https:\/\/www.hupso.com\/share\/ --><a class=\"hupso_counters\" href=\"https:\/\/www.hupso.com\/share\/\"><img decoding=\"async\" src=\"http:\/\/static.hupso.com\/share\/buttons\/lang\/de\/share-small.png\" style=\"border:0px; padding-top:2px; float:left;\" alt=\"Share Button\"\/><\/a><script type=\"text\/javascript\">var hupso_services_c=new Array(\"twitter\",\"facebook_like\",\"facebook_send\",\"email\");var hupso_counters_lang = \"de_DE\";var hupso_image_folder_url = \"\";var hupso_url_c=\"\";var hupso_title_c=\"Nach%20dem%20Nightride%20zu%20den%20Sternen%20-%2017.%20Juni%202012\";<\/script><script type=\"text\/javascript\" src=\"http:\/\/static.hupso.com\/share\/js\/counters.js\"><\/script><!-- Hupso Share Buttons --><\/div>","protected":false},"excerpt":{"rendered":"<p>Nachdem\u00a0 auf der K\u00f6lner Fahrradsternfahrt\u00a0 auch auf die K\u00f6lner CM hingewiesen wurde und wir ja auch gemeinsame Ziele haben, wollen wir uns hiermit revanchieren. Die 5. K\u00f6lner Fahrradsternfahrt findet am Sonntag, den 17. Juni 2012 statt! Es sind eine Menge &hellip; <a href=\"http:\/\/www.critical-mass-cologne.de\/?p=309\">Weiterlesen <span class=\"meta-nav\">&rarr;<\/span><\/a><\/p>\n<div style=\"padding-bottom:20px; padding-top:10px;\" class=\"hupso-share-buttons\"><!-- Hupso Share Buttons - https:\/\/www.hupso.com\/share\/ --><a class=\"hupso_counters\" href=\"https:\/\/www.hupso.com\/share\/\"><img src=\"http:\/\/static.hupso.com\/share\/buttons\/lang\/de\/share-small.png\" style=\"border:0px; padding-top:2px; float:left;\" alt=\"Share Button\"\/><\/a><script type=\"text\/javascript\">var hupso_services_c=new Array(\"twitter\",\"facebook_like\",\"facebook_send\",\"email\");var hupso_counters_lang = \"de_DE\";var hupso_image_folder_url = \"\";var hupso_url_c=\"\";var hupso_title_c=\"Nach%20dem%20Nightride%20zu%20den%20Sternen%20-%2017.%20Juni%202012\";<\/script><script type=\"text\/javascript\" src=\"http:\/\/static.hupso.com\/share\/js\/counters.js\"><\/script><!-- Hupso Share Buttons --><\/div>","protected":false},"author":32,"featured_media":0,"comment_status":"open","ping_status":"open","sticky":false,"template":"","format":"standard","meta":{"footnotes":""},"categories":[1],"tags":[],"class_list":["post-309","post","type-post","status-publish","format-standard","hentry","category-allgemein"],"_links":{"self":[{"href":"http:\/\/www.critical-mass-cologne.de\/index.php?rest_route=\/wp\/v2\/posts\/309","targetHints":{"allow":["GET"]}}],"collection":[{"href":"http:\/\/www.critical-mass-cologne.de\/index.php?rest_route=\/wp\/v2\/posts"}],"about":[{"href":"http:\/\/www.critical-mass-cologne.de\/index.php?rest_route=\/wp\/v2\/types\/post"}],"author":[{"embeddable":true,"href":"http:\/\/www.critical-mass-cologne.de\/index.php?rest_route=\/wp\/v2\/users\/32"}],"replies":[{"embeddable":true,"href":"http:\/\/www.critical-mass-cologne.de\/index.php?rest_route=%2Fwp%2Fv2%2Fcomments&post=309"}],"version-history":[{"count":2,"href":"http:\/\/www.critical-mass-cologne.de\/index.php?rest_route=\/wp\/v2\/posts\/309\/revisions"}],"predecessor-version":[{"id":311,"href":"http:\/\/www.critical-mass-cologne.de\/index.php?rest_route=\/wp\/v2\/posts\/309\/revisions\/311"}],"wp:attachment":[{"href":"http:\/\/www.critical-mass-cologne.de\/index.php?rest_route=%2Fwp%2Fv2%2Fmedia&parent=309"}],"wp:term":[{"taxonomy":"category","embeddable":true,"href":"http:\/\/www.critical-mass-cologne.de\/index.php?rest_route=%2Fwp%2Fv2%2Fcategories&post=309"},{"taxonomy":"post_tag","embeddable":true,"href":"http:\/\/www.critical-mass-cologne.de\/index.php?rest_route=%2Fwp%2Fv2%2Ftags&post=309"}],"curies":[{"name":"wp","href":"https:\/\/api.w.org\/{rel}","templated":true}]}}