{"id":169,"date":"2011-08-26T21:50:50","date_gmt":"2011-08-26T21:50:50","guid":{"rendered":"http:\/\/www.critical-mass-cologne.de\/?p=169"},"modified":"2011-08-26T21:50:50","modified_gmt":"2011-08-26T21:50:50","slug":"schwere-gewitter-uber-koln","status":"publish","type":"post","link":"http:\/\/www.critical-mass-cologne.de\/?p=169","title":{"rendered":"Schwere Gewitter \u00fcber K\u00f6ln &#8230;"},"content":{"rendered":"<p>&#8230; konnten 150 Menschen auf Fahrr\u00e4dern heute nicht davon abhalten, sich f\u00fcr eine gute Stunde ein paar Stra\u00dfen K\u00f6lns friedlich zur\u00fcck zu erobern!<\/p>\n<p>Die schwersten Regeng\u00fcsse waren gottlob schon vorbei, als wir uns -wie jeden letzten Freitag im Monat- um 17:30 Uhr am Rudolfplatz sammelten.<\/p>\n<p>Da wir dieses mal Besuch von au\u00dferhalb hatten, es waren einige der <a title=\"Klimacamp 2011\" href=\"http:\/\/www.klimacamp2011.de\" target=\"_blank\">Klimacamper<\/a> mit ihren Fahrr\u00e4dern angereist, f\u00fchrte uns der Critical Mass Ride an einigen Sehensw\u00fcrdigkeiten unserer sch\u00f6nen Stadt -allem voran nat\u00fcrlich der Dom!- vorbei. Begleitet wurden wir irgendwann von einem Polizeiwagen, der einfach nur dezent hinter uns herfuhr. Er wurde sp\u00e4ter von einem anderen Streifenwagen abgel\u00f6st, dessen Besatzung leider nicht ganz korrekt \u00fcber alle Inhalte der StVO, insbesondere des \u00a727, informiert war. Dem konnten einige Radler in einem kurzen, freundlich aber bestimmt gef\u00fchrten Gespr\u00e4ch, abhelfen.<\/p>\n<p>An Kreuzungen wurde wieder vorbildlich abgesperrt, wir fuhren in Zweierreihe und nutzten selbstverst\u00e4ndlich immer nur eine Fahrspur. Man konnte leicht mit anderen Radlern ins Gespr\u00e4ch \u00fcber verschiedene Themen kommen und dabei die Ruhe einer fast lautlos befahrenen Stra\u00dfe genie\u00dfen. Die Tour ging dann \u00fcber Aachener, Universit\u00e4ts- und D\u00fcrener Stra\u00dfe bis nach Junkersdorf zur RWE-Zentrale, wo der Critical Mass Ride endete.<\/p>\n<p>Die G\u00e4ste vom Klimacamp hielten eine kleine Versammlung ab, in der sie die Interessierten (und auch einige RWE Mitarbeiter) \u00fcber ihre Ziele, ihre Forderungen und den Sinn des Camps informierten.<\/p>\n<p>Ein Teil der K\u00f6lner Radfahrer fuhr wieder zur\u00fcck in die K\u00f6lner Innenstadt, w\u00e4hrend ein anderer Teil die Klimacamper sicher durch Junkersdorf bis zum S-Bahnhof L\u00f6venich bugsierte, von wo aus die G\u00e4ste ob des drohenden n\u00e4chsten Unwetters mit der Bahn zum Camp nach Kerpen fuhren.<\/p>\n<p>Fazit: trotz \u00fcbelster Wettervorhersage sind wir (fast) komplett trocken geblieben! Eine wirklich sch\u00f6ne Tour mit vielen netten, verschiedenen Menschen, die einfach\u00a0 nur &#8230; Fahrrad fuhren! Und: SO viele waren waren wir noch nie :-).<\/p>\n<p><strong>Die n\u00e4chste Critical Mass findet statt am 30. September 2011, 17:30 Uhr ab Rudolfplatz!<\/strong><\/p>\n<div style=\"padding-bottom:20px; padding-top:10px;\" class=\"hupso-share-buttons\"><!-- Hupso Share Buttons - https:\/\/www.hupso.com\/share\/ --><a class=\"hupso_counters\" href=\"https:\/\/www.hupso.com\/share\/\"><img decoding=\"async\" src=\"http:\/\/static.hupso.com\/share\/buttons\/lang\/de\/share-small.png\" style=\"border:0px; padding-top:2px; float:left;\" alt=\"Share Button\"\/><\/a><script type=\"text\/javascript\">var hupso_services_c=new Array(\"twitter\",\"facebook_like\",\"facebook_send\",\"email\");var hupso_counters_lang = \"de_DE\";var hupso_image_folder_url = \"\";var hupso_url_c=\"\";var hupso_title_c=\"Schwere%20Gewitter%20%C3%BCber%20K%C3%B6ln%20...\";<\/script><script type=\"text\/javascript\" src=\"http:\/\/static.hupso.com\/share\/js\/counters.js\"><\/script><!-- Hupso Share Buttons --><\/div>","protected":false},"excerpt":{"rendered":"<p>&#8230; konnten 150 Menschen auf Fahrr\u00e4dern heute nicht davon abhalten, sich f\u00fcr eine gute Stunde ein paar Stra\u00dfen K\u00f6lns friedlich zur\u00fcck zu erobern! Die schwersten Regeng\u00fcsse waren gottlob schon vorbei, als wir uns -wie jeden letzten Freitag im Monat- um &hellip; <a href=\"http:\/\/www.critical-mass-cologne.de\/?p=169\">Weiterlesen <span class=\"meta-nav\">&rarr;<\/span><\/a><\/p>\n<div style=\"padding-bottom:20px; padding-top:10px;\" class=\"hupso-share-buttons\"><!-- Hupso Share Buttons - https:\/\/www.hupso.com\/share\/ --><a class=\"hupso_counters\" href=\"https:\/\/www.hupso.com\/share\/\"><img src=\"http:\/\/static.hupso.com\/share\/buttons\/lang\/de\/share-small.png\" style=\"border:0px; padding-top:2px; float:left;\" alt=\"Share Button\"\/><\/a><script type=\"text\/javascript\">var hupso_services_c=new Array(\"twitter\",\"facebook_like\",\"facebook_send\",\"email\");var hupso_counters_lang = \"de_DE\";var hupso_image_folder_url = \"\";var hupso_url_c=\"\";var hupso_title_c=\"Schwere%20Gewitter%20%C3%BCber%20K%C3%B6ln%20...\";<\/script><script type=\"text\/javascript\" src=\"http:\/\/static.hupso.com\/share\/js\/counters.js\"><\/script><!-- Hupso Share Buttons --><\/div>","protected":false},"author":1,"featured_media":0,"comment_status":"open","ping_status":"open","sticky":false,"template":"","format":"standard","meta":{"footnotes":""},"categories":[1],"tags":[],"class_list":["post-169","post","type-post","status-publish","format-standard","hentry","category-allgemein"],"_links":{"self":[{"href":"http:\/\/www.critical-mass-cologne.de\/index.php?rest_route=\/wp\/v2\/posts\/169","targetHints":{"allow":["GET"]}}],"collection":[{"href":"http:\/\/www.critical-mass-cologne.de\/index.php?rest_route=\/wp\/v2\/posts"}],"about":[{"href":"http:\/\/www.critical-mass-cologne.de\/index.php?rest_route=\/wp\/v2\/types\/post"}],"author":[{"embeddable":true,"href":"http:\/\/www.critical-mass-cologne.de\/index.php?rest_route=\/wp\/v2\/users\/1"}],"replies":[{"embeddable":true,"href":"http:\/\/www.critical-mass-cologne.de\/index.php?rest_route=%2Fwp%2Fv2%2Fcomments&post=169"}],"version-history":[{"count":9,"href":"http:\/\/www.critical-mass-cologne.de\/index.php?rest_route=\/wp\/v2\/posts\/169\/revisions"}],"predecessor-version":[{"id":178,"href":"http:\/\/www.critical-mass-cologne.de\/index.php?rest_route=\/wp\/v2\/posts\/169\/revisions\/178"}],"wp:attachment":[{"href":"http:\/\/www.critical-mass-cologne.de\/index.php?rest_route=%2Fwp%2Fv2%2Fmedia&parent=169"}],"wp:term":[{"taxonomy":"category","embeddable":true,"href":"http:\/\/www.critical-mass-cologne.de\/index.php?rest_route=%2Fwp%2Fv2%2Fcategories&post=169"},{"taxonomy":"post_tag","embeddable":true,"href":"http:\/\/www.critical-mass-cologne.de\/index.php?rest_route=%2Fwp%2Fv2%2Ftags&post=169"}],"curies":[{"name":"wp","href":"https:\/\/api.w.org\/{rel}","templated":true}]}}