{"id":162,"date":"2011-08-23T09:02:56","date_gmt":"2011-08-23T09:02:56","guid":{"rendered":"http:\/\/www.critical-mass-cologne.de\/?p=162"},"modified":"2011-08-23T09:02:56","modified_gmt":"2011-08-23T09:02:56","slug":"critical-mass-koln-goes-klimacamp-diesen-freitag","status":"publish","type":"post","link":"http:\/\/www.critical-mass-cologne.de\/?p=162","title":{"rendered":"Critical Mass K\u00f6ln goes Klimacamp &#8211; diesen Freitag!"},"content":{"rendered":"<p>Diesen Monat wird die Critical Mass K\u00f6ln vom Klimacamp unterst\u00fctzt &#8211; und umgekehrt!<\/p>\n<p>Das <a title=\"Klimacamp 2011\" href=\"http:\/\/www.klimacamp2011.de\" target=\"_blank\">Klimacamp<\/a> findet vom 26.8.2011 bis zum 4.9.2011 im rheinischen Braunkohlerevier bei Kerpen-Manheim statt.<\/p>\n<p>Aktivisten des Klimacamp werden mit uns <strong>als Critical Mass<\/strong> eine Runde durch K\u00f6ln drehen, die -wie sonst auch auch- so ungef\u00e4hr eine Stunde dauern wird.<\/p>\n<p>Danach gibt es eine Radtour nach Kerpen zum Klimacamp. Wer von den Critical Mass Fahrern also Lust hat, noch eine Extrarunde zu drehen, ist herzlich eingeladen!<\/p>\n<p>Der Wetterbericht meint es derzeit -wie immer- gut mit uns, also sagt es weiter und bringt Eure Freunde, Kinder, Nachbarn und Arbeitskollegen mit &#8211; auf dass wir dieses mal dreistellig werden!<\/p>\n<p><strong>An die mitlesende K\u00f6lner Polizei<\/strong>: es w\u00e4re sehr nett und quasi fantastisch, wenn Ihr -wenn Ihr schon meint, uns unbedingt &#8222;besch\u00fctzen&#8220; zu m\u00fcssen- <strong>jegliche Motorradstunts in der N\u00e4he von anderen Verkehrsteilnehmern aus Sicherheitsgr\u00fcnden unterlasst<\/strong> und stattdessen am liebsten vielleicht einfach einen Teil Eurer angeblich riiiieeesigen <strong>Fahrradstreifenflotte<\/strong> zur Eskorte vorbeischickt. <strong>Dankesch\u00f6n<\/strong>!<\/p>\n<p>Treffpunkt <strong>Freitag, der 26.8.2011, 17:30 Uhr<\/strong> am Rudolfplatz, K\u00f6ln &#8211; unter dem Hahnentor.<\/p>\n<div style=\"padding-bottom:20px; padding-top:10px;\" class=\"hupso-share-buttons\"><!-- Hupso Share Buttons - https:\/\/www.hupso.com\/share\/ --><a class=\"hupso_counters\" href=\"https:\/\/www.hupso.com\/share\/\"><img decoding=\"async\" src=\"http:\/\/static.hupso.com\/share\/buttons\/lang\/de\/share-small.png\" style=\"border:0px; padding-top:2px; float:left;\" alt=\"Share Button\"\/><\/a><script type=\"text\/javascript\">var hupso_services_c=new Array(\"twitter\",\"facebook_like\",\"facebook_send\",\"email\");var hupso_counters_lang = \"de_DE\";var hupso_image_folder_url = \"\";var hupso_url_c=\"\";var hupso_title_c=\"Critical%20Mass%20K%C3%B6ln%20goes%20Klimacamp%20-%20diesen%20Freitag%21\";<\/script><script type=\"text\/javascript\" src=\"http:\/\/static.hupso.com\/share\/js\/counters.js\"><\/script><!-- Hupso Share Buttons --><\/div>","protected":false},"excerpt":{"rendered":"<p>Diesen Monat wird die Critical Mass K\u00f6ln vom Klimacamp unterst\u00fctzt &#8211; und umgekehrt! Das Klimacamp findet vom 26.8.2011 bis zum 4.9.2011 im rheinischen Braunkohlerevier bei Kerpen-Manheim statt. Aktivisten des Klimacamp werden mit uns als Critical Mass eine Runde durch K\u00f6ln &hellip; <a href=\"http:\/\/www.critical-mass-cologne.de\/?p=162\">Weiterlesen <span class=\"meta-nav\">&rarr;<\/span><\/a><\/p>\n<div style=\"padding-bottom:20px; padding-top:10px;\" class=\"hupso-share-buttons\"><!-- Hupso Share Buttons - https:\/\/www.hupso.com\/share\/ --><a class=\"hupso_counters\" href=\"https:\/\/www.hupso.com\/share\/\"><img src=\"http:\/\/static.hupso.com\/share\/buttons\/lang\/de\/share-small.png\" style=\"border:0px; padding-top:2px; float:left;\" alt=\"Share Button\"\/><\/a><script type=\"text\/javascript\">var hupso_services_c=new Array(\"twitter\",\"facebook_like\",\"facebook_send\",\"email\");var hupso_counters_lang = \"de_DE\";var hupso_image_folder_url = \"\";var hupso_url_c=\"\";var hupso_title_c=\"Critical%20Mass%20K%C3%B6ln%20goes%20Klimacamp%20-%20diesen%20Freitag%21\";<\/script><script type=\"text\/javascript\" src=\"http:\/\/static.hupso.com\/share\/js\/counters.js\"><\/script><!-- Hupso Share Buttons --><\/div>","protected":false},"author":1,"featured_media":0,"comment_status":"open","ping_status":"open","sticky":false,"template":"","format":"standard","meta":{"footnotes":""},"categories":[1],"tags":[],"class_list":["post-162","post","type-post","status-publish","format-standard","hentry","category-allgemein"],"_links":{"self":[{"href":"http:\/\/www.critical-mass-cologne.de\/index.php?rest_route=\/wp\/v2\/posts\/162","targetHints":{"allow":["GET"]}}],"collection":[{"href":"http:\/\/www.critical-mass-cologne.de\/index.php?rest_route=\/wp\/v2\/posts"}],"about":[{"href":"http:\/\/www.critical-mass-cologne.de\/index.php?rest_route=\/wp\/v2\/types\/post"}],"author":[{"embeddable":true,"href":"http:\/\/www.critical-mass-cologne.de\/index.php?rest_route=\/wp\/v2\/users\/1"}],"replies":[{"embeddable":true,"href":"http:\/\/www.critical-mass-cologne.de\/index.php?rest_route=%2Fwp%2Fv2%2Fcomments&post=162"}],"version-history":[{"count":6,"href":"http:\/\/www.critical-mass-cologne.de\/index.php?rest_route=\/wp\/v2\/posts\/162\/revisions"}],"predecessor-version":[{"id":168,"href":"http:\/\/www.critical-mass-cologne.de\/index.php?rest_route=\/wp\/v2\/posts\/162\/revisions\/168"}],"wp:attachment":[{"href":"http:\/\/www.critical-mass-cologne.de\/index.php?rest_route=%2Fwp%2Fv2%2Fmedia&parent=162"}],"wp:term":[{"taxonomy":"category","embeddable":true,"href":"http:\/\/www.critical-mass-cologne.de\/index.php?rest_route=%2Fwp%2Fv2%2Fcategories&post=162"},{"taxonomy":"post_tag","embeddable":true,"href":"http:\/\/www.critical-mass-cologne.de\/index.php?rest_route=%2Fwp%2Fv2%2Ftags&post=162"}],"curies":[{"name":"wp","href":"https:\/\/api.w.org\/{rel}","templated":true}]}}